{"id":26938,"date":"2025-06-17T10:28:33","date_gmt":"2025-06-17T09:28:33","guid":{"rendered":"https:\/\/azkenarockfestival.com\/?p=26938"},"modified":"2025-06-17T10:29:20","modified_gmt":"2025-06-17T09:29:20","slug":"azkena-rock-festival-tiene-ya-todo-listo-para-celebrar-su-23-edicion","status":"publish","type":"post","link":"https:\/\/azkenarockfestival.com\/eu\/azkena-rock-festival-tiene-ya-todo-listo-para-celebrar-su-23-edicion\/","title":{"rendered":"Azkena Rock Festival jaialdian dena prest 23. ediziorako, John Fogerty, Manic Street Preachers, The Flaming Lips eta beste artista handi ugarirekin"},"content":{"rendered":"\t\t<div data-elementor-type=\"wp-post\" data-elementor-id=\"26938\" class=\"elementor elementor-26938 elementor-26917\" data-elementor-post-type=\"post\">\n\t\t\t\t<div class=\"elementor-element elementor-element-5e9fbbb8 e-flex e-con-boxed e-con e-parent\" data-id=\"5e9fbbb8\" data-element_type=\"container\" data-e-type=\"container\">\n\t\t\t\t\t<div class=\"e-con-inner\">\n\t\t\t\t<div class=\"elementor-element elementor-element-c16e553 elementor-widget elementor-widget-text-editor\" data-id=\"c16e553\" data-element_type=\"widget\" data-e-type=\"widget\" data-widget_type=\"text-editor.default\">\n\t\t\t\t<div class=\"elementor-widget-container\">\n\t\t\t\t\t\t\t\t\t<p><b>Ekainaren 19an, 20an eta 21ean Gasteizko Mendizabalan<\/b><\/p>\t\t\t\t\t\t\t\t<\/div>\n\t\t\t\t<\/div>\n\t\t\t\t<div class=\"elementor-element elementor-element-427608a elementor-widget elementor-widget-spacer\" data-id=\"427608a\" data-element_type=\"widget\" data-e-type=\"widget\" data-widget_type=\"spacer.default\">\n\t\t\t\t<div class=\"elementor-widget-container\">\n\t\t\t\t\t\t\t<div class=\"elementor-spacer\">\n\t\t\t<div class=\"elementor-spacer-inner\"><\/div>\n\t\t<\/div>\n\t\t\t\t\t\t<\/div>\n\t\t\t\t<\/div>\n\t\t\t\t<div class=\"elementor-element elementor-element-9a09e19 elementor-widget elementor-widget-text-editor\" data-id=\"9a09e19\" data-element_type=\"widget\" data-e-type=\"widget\" data-widget_type=\"text-editor.default\">\n\t\t\t\t<div class=\"elementor-widget-container\">\n\t\t\t\t\t\t\t\t\t<p><b>Azkena Rock Festival<\/b><span style=\"font-weight: 400;\"> jaialdian dena prest dago 23. ediziorako, <\/span><b>Gasteizko Mendizabalan, ekainaren 19an, 20an eta 21ean<\/b><span style=\"font-weight: 400;\">.<\/span> <i><span style=\"font-weight: 400;\">Rock &amp; roll<\/span><\/i><span style=\"font-weight: 400;\"> musikaren tenpluan lehen mailako artistak bilduko dira: <\/span><b>John Fogerty<\/b><span style=\"font-weight: 400;\"> mitikoa, data bakarrean Estatuan eta bere errepertorioko klasiko guztiekin, baita Creedence Clearwater Revival-ekoak ere; <\/span><b>Manic Street Preachers<\/b><span style=\"font-weight: 400;\">, hauek ere kontzertu esklusiboan; <\/span><b>The Flaming Lips<\/b><span style=\"font-weight: 400;\">, <\/span><i><span style=\"font-weight: 400;\">Yoshimi Battles the Pink Robots<\/span><\/i><span style=\"font-weight: 400;\"> mitikoa interpretatzen; <\/span><b>Dinosaur Jr<\/b><span style=\"font-weight: 400;\">, <\/span><i><span style=\"font-weight: 400;\">Without a Sound<\/span><\/i><span style=\"font-weight: 400;\"> album ezagunarekin; <\/span><b>Lucinda Williams<\/b><span style=\"font-weight: 400;\"> ikoniko eta sakona; <\/span><b>The Hellacopters<\/b><span style=\"font-weight: 400;\"> 30. urteurrena ospatzen, eta beste asko; eta ezin ahaztu <\/span><b>Andre Maria Zuriaren plazako doako programazioa<\/b><span style=\"font-weight: 400;\"> edo <\/span><b>Txiki ARF familientzako gunea<\/b><span style=\"font-weight: 400;\">.<\/span><\/p>\t\t\t\t\t\t\t\t<\/div>\n\t\t\t\t<\/div>\n\t\t\t\t<div class=\"elementor-element elementor-element-4247266 elementor-widget elementor-widget-spacer\" data-id=\"4247266\" data-element_type=\"widget\" data-e-type=\"widget\" data-widget_type=\"spacer.default\">\n\t\t\t\t<div class=\"elementor-widget-container\">\n\t\t\t\t\t\t\t<div class=\"elementor-spacer\">\n\t\t\t<div class=\"elementor-spacer-inner\"><\/div>\n\t\t<\/div>\n\t\t\t\t\t\t<\/div>\n\t\t\t\t<\/div>\n\t\t\t\t<div class=\"elementor-element elementor-element-c7c14e5 elementor-widget elementor-widget-heading\" data-id=\"c7c14e5\" data-element_type=\"widget\" data-e-type=\"widget\" data-widget_type=\"heading.default\">\n\t\t\t\t<div class=\"elementor-widget-container\">\n\t\t\t\t\t<h2 class=\"elementor-heading-title elementor-size-default\">Andre Maria Zuria\n<\/h2>\t\t\t\t<\/div>\n\t\t\t\t<\/div>\n\t\t\t\t<div class=\"elementor-element elementor-element-cc86026 elementor-widget elementor-widget-text-editor\" data-id=\"cc86026\" data-element_type=\"widget\" data-e-type=\"widget\" data-widget_type=\"text-editor.default\">\n\t\t\t\t<div class=\"elementor-widget-container\">\n\t\t\t\t\t\t\t\t\t<p><span style=\"font-weight: 400;\">Aurten ere, Andre Maria Zuriaren plaza ikonikoa gune nagusietako bat izango da, jaialdiak hiriarekin bat egingo baitu bertan. Eguerdian hasiko da programazioa eta, bermuta lagun, zuzeneko kontzertuak doan ikusteko aukera izateaz gain, Green Capitaleko eskaintza gastronomiko bikainaz ere gozatu ahal izango dugu. Ostiralean Londresko <\/span><b>Laurie Wright<\/b><span style=\"font-weight: 400;\"> kantautorearen txanda izango da; <\/span><i><span style=\"font-weight: 400;\">pub<\/span><\/i><span style=\"font-weight: 400;\">eko <\/span><i><span style=\"font-weight: 400;\">rock<\/span><\/i><span style=\"font-weight: 400;\">aren eta <\/span><i><span style=\"font-weight: 400;\">mod<\/span><\/i><span style=\"font-weight: 400;\"> herentziaren promesa handienetako bat dela esan dezakegu, Liam Gallagher eta Pete Doherty handiak ere liluratzea lortu baitu. Larunbateko protagonistak <\/span><b>Kitty, Daisy &amp; Lewis<\/b><span style=\"font-weight: 400;\"> neba-arrebak izango dira; britainiar hirukoak <\/span><i><span style=\"font-weight: 400;\">R&amp;B<\/span><\/i><span style=\"font-weight: 400;\">, <\/span><i><span style=\"font-weight: 400;\">swing<\/span><\/i><span style=\"font-weight: 400;\">, <\/span><i><span style=\"font-weight: 400;\">country<\/span><\/i><span style=\"font-weight: 400;\"> eta <\/span><i><span style=\"font-weight: 400;\">blues<\/span><\/i><span style=\"font-weight: 400;\"> estiloak energia biziz uztartzen ditu, eta hiriaren erdi-erdian dagoen plaza energiaz eta ikus-entzulez lepo jartzea lortuko du.<\/span><\/p>\t\t\t\t\t\t\t\t<\/div>\n\t\t\t\t<\/div>\n\t\t\t\t<div class=\"elementor-element elementor-element-f1224d5 elementor-widget elementor-widget-image\" data-id=\"f1224d5\" data-element_type=\"widget\" data-e-type=\"widget\" data-widget_type=\"image.default\">\n\t\t\t\t<div class=\"elementor-widget-container\">\n\t\t\t\t\t\t\t\t\t\t\t\t<figure class=\"wp-caption\">\n\t\t\t\t\t\t\t\t\t\t<img fetchpriority=\"high\" decoding=\"async\" width=\"800\" height=\"800\" src=\"https:\/\/azkenarockfestival.com\/wp-content\/uploads\/2025\/06\/c70f8e1a-b8c7-5ef8-7997-684fb03ccb5a-1024x1024.jpg\" class=\"attachment-large size-large wp-image-26920\" alt=\"John Fogerty\" srcset=\"https:\/\/azkenarockfestival.com\/wp-content\/uploads\/2025\/06\/c70f8e1a-b8c7-5ef8-7997-684fb03ccb5a-1024x1024.jpg 1024w, https:\/\/azkenarockfestival.com\/wp-content\/uploads\/2025\/06\/c70f8e1a-b8c7-5ef8-7997-684fb03ccb5a-300x300.jpg 300w, https:\/\/azkenarockfestival.com\/wp-content\/uploads\/2025\/06\/c70f8e1a-b8c7-5ef8-7997-684fb03ccb5a-150x150.jpg 150w, https:\/\/azkenarockfestival.com\/wp-content\/uploads\/2025\/06\/c70f8e1a-b8c7-5ef8-7997-684fb03ccb5a-768x768.jpg 768w, https:\/\/azkenarockfestival.com\/wp-content\/uploads\/2025\/06\/c70f8e1a-b8c7-5ef8-7997-684fb03ccb5a.jpg 1080w\" sizes=\"(max-width: 800px) 100vw, 800px\" \/>\t\t\t\t\t\t\t\t\t\t\t<figcaption class=\"widget-image-caption wp-caption-text\">John Fogerty actuar\u00e1 en el Azkena Rock Festival en fecha \u00fanica en el pa\u00eds.<\/figcaption>\n\t\t\t\t\t\t\t\t\t\t<\/figure>\n\t\t\t\t\t\t\t\t\t<\/div>\n\t\t\t\t<\/div>\n\t\t\t\t<div class=\"elementor-element elementor-element-18f24c6 elementor-widget elementor-widget-spacer\" data-id=\"18f24c6\" data-element_type=\"widget\" data-e-type=\"widget\" data-widget_type=\"spacer.default\">\n\t\t\t\t<div class=\"elementor-widget-container\">\n\t\t\t\t\t\t\t<div class=\"elementor-spacer\">\n\t\t\t<div class=\"elementor-spacer-inner\"><\/div>\n\t\t<\/div>\n\t\t\t\t\t\t<\/div>\n\t\t\t\t<\/div>\n\t\t\t\t<div class=\"elementor-element elementor-element-5f70bc3 elementor-widget elementor-widget-heading\" data-id=\"5f70bc3\" data-element_type=\"widget\" data-e-type=\"widget\" data-widget_type=\"heading.default\">\n\t\t\t\t<div class=\"elementor-widget-container\">\n\t\t\t\t\t<h2 class=\"elementor-heading-title elementor-size-default\">Mendizabalako kontzertu garrantzitsuenak<\/h2>\t\t\t\t<\/div>\n\t\t\t\t<\/div>\n\t\t\t\t<div class=\"elementor-element elementor-element-ce2c880 elementor-widget elementor-widget-text-editor\" data-id=\"ce2c880\" data-element_type=\"widget\" data-e-type=\"widget\" data-widget_type=\"text-editor.default\">\n\t\t\t\t<div class=\"elementor-widget-container\">\n\t\t\t\t\t\t\t\t\t<p><span style=\"font-weight: 400;\">Azkena Rock Festival indartsu hasiko da ostiralean, <\/span><b>Dinosaur Jr<\/b><span style=\"font-weight: 400;\">. taldeak Estatuan eskainiko duen kontzertu bakarrarekin. Data esklusiboan hau ere, britainiar <\/span><i><span style=\"font-weight: 400;\">punk<\/span><\/i><span style=\"font-weight: 400;\">aren erreferente den <\/span><b>The Damned <\/b><span style=\"font-weight: 400;\">taldea gure artean izango dugu berriro ere, taldekide enblematikoenekin. Aurrekoez gain, honako hauek ere arituko dira: <\/span><b>Melissa Etheridge<\/b><span style=\"font-weight: 400;\">, 80ko hamarkadaren amaieratik AEBko <\/span><i><span style=\"font-weight: 400;\">rock<\/span><\/i><span style=\"font-weight: 400;\">aren ezinbesteko figuretako bat; <\/span><b>Buzzcocks<\/b><span style=\"font-weight: 400;\"> banda, lelo itsaskorrez beteriko <\/span><i><span style=\"font-weight: 400;\">punk<\/span><\/i><span style=\"font-weight: 400;\"> melodikoarekin; <\/span><b>Quique Gonz\u00e1lez<\/b><span style=\"font-weight: 400;\"> eta bere <\/span><i><span style=\"font-weight: 400;\">rock<\/span><\/i><span style=\"font-weight: 400;\"> intimo eta pertsonala; Stray Cats taldeko <\/span><b>Lee Rocker<\/b><span style=\"font-weight: 400;\"> ikonikoa eta, <\/span><b>Trashville<\/b><span style=\"font-weight: 400;\"> guneari dagokionez, <\/span><b>Wau y los Arrrghs!!!<\/b><span style=\"font-weight: 400;\"> taldearen deskarga garajeroa nabarmenduko dugu jaialdiaren barruko kontzertu-aretoan.<\/span><\/p><p><span style=\"font-weight: 400;\">Ostirala <\/span><i><span style=\"font-weight: 400;\">rock<\/span><\/i><span style=\"font-weight: 400;\">aren historiaren eguna izango da <\/span><b>John Fogerty<\/b><span style=\"font-weight: 400;\"> izar handiarekin, <\/span><b>Lucinda Williams<\/b><span style=\"font-weight: 400;\"> mitikoarekin eta <\/span><b>Public Image Limited<\/b><span style=\"font-weight: 400;\"> taldearen intentsitate probokatzailearekin, Johnny Rotten paregabea izanik buru. Probokazioarekin jarraitzeko, <\/span><b>Turbonegro<\/b><span style=\"font-weight: 400;\"> aipatuko dugu; bestalde, <\/span><b>Diamond Dogs<\/b><span style=\"font-weight: 400;\"> eta<\/span><b> Chris Spedding<\/b><span style=\"font-weight: 400;\">ek <\/span><b>Little Richard<\/b><span style=\"font-weight: 400;\"> handiaren ondareari omenaldia egingo diote. <\/span><b>Kaotiko <\/b><span style=\"font-weight: 400;\">taldeak euskal <\/span><i><span style=\"font-weight: 400;\">punk<\/span><\/i><span style=\"font-weight: 400;\"> musika defendatzen 25 urteko ibilbidea ospatuko du, eta <\/span><b>Los Straitjackets<\/b><span style=\"font-weight: 400;\"> taldearen <\/span><i><span style=\"font-weight: 400;\">show<\/span><\/i><span style=\"font-weight: 400;\"> bereziaz gozatzeko aukera izango dugu, <\/span><i><span style=\"font-weight: 400;\">surf rock<\/span><\/i><span style=\"font-weight: 400;\">aren erritmora.<\/span><\/p><p>\u00a0<\/p><p><span style=\"font-weight: 400;\">Larunbatekoa oroitzeko moduko gaua izango da: <\/span><b>Manic Street Preachers<\/b><span style=\"font-weight: 400;\"> taldeak abesti arrakastatsuenak joko ditu, baita berriagoak ere; eta <\/span><b>The Flaming Lips<\/b><span style=\"font-weight: 400;\"> taldeak psikodelia barreiatuko du han eta hemen, <\/span><i><span style=\"font-weight: 400;\">Yoshimi Battles the Pink Robots<\/span><\/i><span style=\"font-weight: 400;\"> album ezaguneko abesti guzti-guztiak jotzen. <\/span><b>Richard Hawley<\/b><span style=\"font-weight: 400;\"> britainiarrak <\/span><i><span style=\"font-weight: 400;\">crooner<\/span><\/i><span style=\"font-weight: 400;\"> estilo sofistikatua ekarriko ditu, <\/span><b>The Hellacopters<\/b><span style=\"font-weight: 400;\"> taldeak giroa sutan jarriko du 30 urteko ibilbidearen ospakizunarekin, eta <\/span><b>Margo Price<\/b><span style=\"font-weight: 400;\">ri esker, <\/span><i><span style=\"font-weight: 400;\">country<\/span><\/i><span style=\"font-weight: 400;\"> musika autentikoenaren esentzia ezagutuko dugu, Estatuan egingo duen lehen eta bakarra izango den kontzertuan. <\/span><i><span style=\"font-weight: 400;\">Punk<\/span><\/i><span style=\"font-weight: 400;\"> borrokalariak ere izango du lekua <\/span><b>Dead Kennedys <\/b><span style=\"font-weight: 400;\">taldearekin, baita gero eta indar handiagoa hartzen ari den <\/span><b>Ezezez<\/b><span style=\"font-weight: 400;\"> euskal taldearekin ere. 60ko hamarkadako espiritu melodikoa berpizteaz <\/span><b>The Lemon Twigs<\/b><span style=\"font-weight: 400;\"> arduratuko dira, eta <\/span><b>The Pill<\/b><span style=\"font-weight: 400;\"> bikoaren emanaldia ez galtzea gomendatzen dizuegu.<\/span><\/p><p><br \/><br \/><\/p><p><b>Eguneko sarrerak <\/b><span style=\"font-weight: 400;\">salgai daude jada, eta <\/span><b>bonuak <\/b><span style=\"font-weight: 400;\">ere eros daitezke hemen: <\/span><a href=\"https:\/\/azkenarockfestival.com\/eu\/tickets\/\"><span style=\"font-weight: 400;\">azkenarockfestival.com<\/span><\/a><span style=\"font-weight: 400;\">.<\/span> <span style=\"font-weight: 400;\">Aurten, <\/span><b>Gazte Bonua<\/b><span style=\"font-weight: 400;\">z gain (100 \u20ac+ gastuak, 23 urtetik beherakoentzat), <\/span><b>Kuadrilla Bonua<\/b><span style=\"font-weight: 400;\"> eros daiteke, jaialdira elkarrekin etortzen diren lagun talde horientzat: 5 bonu erosi, eta 6 eskuratu. Epeka erosteko aukera badago, eta <\/span><b>14 urtetik beherakoek sarrera doan<\/b><span style=\"font-weight: 400;\"> izango dute, aurten ere. Jaialdiak <\/span><a href=\"https:\/\/www.divertisenvivo.com\/producto\/azkena-rock-2025-viajes-diarios\/\" target=\"_blank\" rel=\"noopener noreferrer nofollow\"><b>bidaia antolatuak<\/b><\/a><span style=\"font-weight: 400;\"> eskaintzen ditu autobusez, inguruko hirietatik: Bilbo, Iru\u00f1ea, Donostia, Zarautz, Arrasate eta Altsasu, urteko jaialdirik gustukoenetako baterako joan-etorriak askoz errazagoak izan daitezen.\u00a0\u00a0<\/span><\/p><p><br \/><span style=\"font-weight: 400;\">Azkena Rock Festival 2025 ahaztezina izango da, aurtengoan ere jaialdiaren nortasunari tinko eutsiko diolako: gitarra boteretsuak, izen mitikoak eta atmosfera ehuneko ehun <\/span><i><span style=\"font-weight: 400;\">rock<\/span><\/i><span style=\"font-weight: 400;\">eroa. <\/span><b>Ekainaren 19tik 21era<\/b><span style=\"font-weight: 400;\"> bitarte, <\/span><i><span style=\"font-weight: 400;\">rock &amp; roll<\/span><\/i><span style=\"font-weight: 400;\"> musikaren muina izango da, ostera ere, Mendizabala.<\/span><\/p>\t\t\t\t\t\t\t\t<\/div>\n\t\t\t\t<\/div>\n\t\t\t\t<div class=\"elementor-element elementor-element-a380d4f elementor-widget elementor-widget-image\" data-id=\"a380d4f\" data-element_type=\"widget\" data-e-type=\"widget\" data-widget_type=\"image.default\">\n\t\t\t\t<div class=\"elementor-widget-container\">\n\t\t\t\t\t\t\t\t\t\t\t\t<figure class=\"wp-caption\">\n\t\t\t\t\t\t\t\t\t\t<img decoding=\"async\" width=\"800\" height=\"534\" src=\"https:\/\/azkenarockfestival.com\/wp-content\/uploads\/2025\/06\/fad0087f-d1c8-94b3-0239-d0fe893a6234-1024x683.jpg\" class=\"attachment-large size-large wp-image-26923\" alt=\"Txiki ARF\" srcset=\"https:\/\/azkenarockfestival.com\/wp-content\/uploads\/2025\/06\/fad0087f-d1c8-94b3-0239-d0fe893a6234-1024x683.jpg 1024w, https:\/\/azkenarockfestival.com\/wp-content\/uploads\/2025\/06\/fad0087f-d1c8-94b3-0239-d0fe893a6234-300x200.jpg 300w, https:\/\/azkenarockfestival.com\/wp-content\/uploads\/2025\/06\/fad0087f-d1c8-94b3-0239-d0fe893a6234-768x512.jpg 768w, https:\/\/azkenarockfestival.com\/wp-content\/uploads\/2025\/06\/fad0087f-d1c8-94b3-0239-d0fe893a6234-1536x1024.jpg 1536w, https:\/\/azkenarockfestival.com\/wp-content\/uploads\/2025\/06\/fad0087f-d1c8-94b3-0239-d0fe893a6234.jpg 1920w\" sizes=\"(max-width: 800px) 100vw, 800px\" \/>\t\t\t\t\t\t\t\t\t\t\t<figcaption class=\"widget-image-caption wp-caption-text\">Txiki ARF<\/figcaption>\n\t\t\t\t\t\t\t\t\t\t<\/figure>\n\t\t\t\t\t\t\t\t\t<\/div>\n\t\t\t\t<\/div>\n\t\t\t\t<div class=\"elementor-element elementor-element-ef9b3ce elementor-widget elementor-widget-spacer\" data-id=\"ef9b3ce\" data-element_type=\"widget\" data-e-type=\"widget\" data-widget_type=\"spacer.default\">\n\t\t\t\t<div class=\"elementor-widget-container\">\n\t\t\t\t\t\t\t<div class=\"elementor-spacer\">\n\t\t\t<div class=\"elementor-spacer-inner\"><\/div>\n\t\t<\/div>\n\t\t\t\t\t\t<\/div>\n\t\t\t\t<\/div>\n\t\t\t\t<div class=\"elementor-element elementor-element-7e90ea7 elementor-widget elementor-widget-heading\" data-id=\"7e90ea7\" data-element_type=\"widget\" data-e-type=\"widget\" data-widget_type=\"heading.default\">\n\t\t\t\t<div class=\"elementor-widget-container\">\n\t\t\t\t\t<h2 class=\"elementor-heading-title elementor-size-default\">Txiki ARF: Azkenako haur-programazioa<\/h2>\t\t\t\t<\/div>\n\t\t\t\t<\/div>\n\t\t\t\t<div class=\"elementor-element elementor-element-4474547 elementor-widget elementor-widget-text-editor\" data-id=\"4474547\" data-element_type=\"widget\" data-e-type=\"widget\" data-widget_type=\"text-editor.default\">\n\t\t\t\t<div class=\"elementor-widget-container\">\n\t\t\t\t\t\t\t\t\t<p><span style=\"font-weight: 400;\">Gero eta familia gehiago etortzen dira Azkenara, eta haientzat ekarriko dugu aurten ere <\/span><b>Txiki ARF<\/b><span style=\"font-weight: 400;\"> proposamena: kontzertuak, tailerrak eta haurrentzako jarduerak jaialdiaren barruko eremu batean, <\/span><i><span style=\"font-weight: 400;\">rock<\/span><\/i><span style=\"font-weight: 400;\"> musika guztion topagune eta elkarrekin ongi pasatzeko aitzakia izan dadin. Egunean hiru kontzertu izango dira, eta ARF jaialdiaren eta rockaren historian marka utzi duten talde eta musikarien klasiko ezagunen bertsioak entzun ahal izango ditugu. Emanaldi batetik besterako tartean, <\/span><i><span style=\"font-weight: 400;\">air guitar<\/span><\/i><span style=\"font-weight: 400;\"> lehiaketak eta bingo rockeroa antolatuko dira, eta parte-hartzaileentzat sariak ere izango dira. Tailerretan, txapa eta plektro (pua) pertsonalizatuak egiteko aukera izango dugu, eta aurpegi-margoketa oso rockeroak ere izango dira. Ostiralean eta larunbatean prest egongo da hori guztia Trashville guneko bigarren karpan, 17:30etik 20:30era bitarte. Beti bezala, 14 urtetik beherakoek sarrera doan izango dute, eta familientzat sarbide esklusiboa antolatu dugu.\u00a0<\/span><\/p>\t\t\t\t\t\t\t\t<\/div>\n\t\t\t\t<\/div>\n\t\t\t\t<div class=\"elementor-element elementor-element-57789ce elementor-widget elementor-widget-spacer\" data-id=\"57789ce\" data-element_type=\"widget\" data-e-type=\"widget\" data-widget_type=\"spacer.default\">\n\t\t\t\t<div class=\"elementor-widget-container\">\n\t\t\t\t\t\t\t<div class=\"elementor-spacer\">\n\t\t\t<div class=\"elementor-spacer-inner\"><\/div>\n\t\t<\/div>\n\t\t\t\t\t\t<\/div>\n\t\t\t\t<\/div>\n\t\t\t\t<div class=\"elementor-element elementor-element-54b4d33 elementor-widget elementor-widget-heading\" data-id=\"54b4d33\" data-element_type=\"widget\" data-e-type=\"widget\" data-widget_type=\"heading.default\">\n\t\t\t\t<div class=\"elementor-widget-container\">\n\t\t\t\t\t<h2 class=\"elementor-heading-title elementor-size-default\">Radio 3 eta Radio Vitoria zuzenean<\/h2>\t\t\t\t<\/div>\n\t\t\t\t<\/div>\n\t\t\t\t<div class=\"elementor-element elementor-element-ceb12e4 elementor-widget elementor-widget-text-editor\" data-id=\"ceb12e4\" data-element_type=\"widget\" data-e-type=\"widget\" data-widget_type=\"text-editor.default\">\n\t\t\t\t<div class=\"elementor-widget-container\">\n\t\t\t\t\t\t\t\t\t<p><span style=\"font-weight: 400;\">Aurten, bi irrati arituko dira zuzenean Azkena Rock Festival jaialditik, eremuan bizitzen ari den energia guztia uhinen bitartez ezagutarazteko asmoz. Radio 3 irratitik, Diego RJk <\/span><b>El S\u00f3tano<\/b><span style=\"font-weight: 400;\"> irratsaio enblematikoa egingo du zuzenean, ostegunean, 20:00etatik 21:00etara, RatHole-tik, hau da, Trashville guneko bigarren karpatik; gainera, irratsaio irekia izango da, bertatik bertara ikustera eta entzutera joan nahi duen ororentzat. Bestalde, EITB taldeko <\/span><b>Radio Vitoria<\/b><span style=\"font-weight: 400;\"> irratiak jaialdiaren jarraipen berezia egingo du zuzenean, ostegunean 19:00etatik 22:00etara, eta ostiral eta larunbatean 19:00etatik 00:00etara; elkarrizketak, zuzeneko konexioak, eta kontzertuen zatitxoak eskainiko dituzte ARF jaialdiaren esentzia eremuaren barruan nahiz kanpoan daudenei sentiarazteko.<\/span><\/p>\t\t\t\t\t\t\t\t<\/div>\n\t\t\t\t<\/div>\n\t\t\t\t<div class=\"elementor-element elementor-element-9020240 elementor-widget elementor-widget-spacer\" data-id=\"9020240\" data-element_type=\"widget\" data-e-type=\"widget\" data-widget_type=\"spacer.default\">\n\t\t\t\t<div class=\"elementor-widget-container\">\n\t\t\t\t\t\t\t<div class=\"elementor-spacer\">\n\t\t\t<div class=\"elementor-spacer-inner\"><\/div>\n\t\t<\/div>\n\t\t\t\t\t\t<\/div>\n\t\t\t\t<\/div>\n\t\t\t\t<div class=\"elementor-element elementor-element-e971613 elementor-widget elementor-widget-heading\" data-id=\"e971613\" data-element_type=\"widget\" data-e-type=\"widget\" data-widget_type=\"heading.default\">\n\t\t\t\t<div class=\"elementor-widget-container\">\n\t\t\t\t\t<h2 class=\"elementor-heading-title elementor-size-default\">Balore<\/h2>\t\t\t\t<\/div>\n\t\t\t\t<\/div>\n\t\t\t\t<div class=\"elementor-element elementor-element-bbd7706 elementor-widget elementor-widget-text-editor\" data-id=\"bbd7706\" data-element_type=\"widget\" data-e-type=\"widget\" data-widget_type=\"text-editor.default\">\n\t\t\t\t<div class=\"elementor-widget-container\">\n\t\t\t\t\t\t\t\t\t<p><span style=\"font-weight: 400;\">Aurtengoan ere, jasangarritasunarekin eta ingurunean inpaktu positiboa izatearekin konpromiso sendoa berretsi dugu BALORE espazioan, Last Tour osoaren jarduna bideratzen duten balioen adierazgarri: inklusioa, aniztasuna, irisgarritasuna, justizia klimatikoa eta xede oneko aliantzak. Jaialdia eraldaketaren eragile izan dadin lortu nahi dugu gizartearen, kulturaren eta ingurumenaren arloetan eta, horretarako, hainbat erakunderekin elkarlanean aritzen gara, hala nola Garapen Jasangarriaren aldeko Arabako Aliantzarekin, Gasteizko Elikagaien Bankuarekin edo ADELA Araba elkartearekin, askotariko ekimenak antolatuta: Puntu Morea, Ortzadar Puntua edo Puntu Berdea. Hizkuntza unibertsala den aldetik, musikak lurralde bidezkoago, pluralago eta jasangarriagoa lortzen laguntzeko boterea duela uste baitugu.<\/span><\/p><p><br \/><span style=\"font-weight: 400;\">Aurten ere, babesle guztiei eskerrak eman nahi dizkie jaialdiak, emandako laguntzarengatik, eta bereziki, Gasteizko Udalari eta Arabako Foru Aldundiari; La Salve etxeari, garagardo <\/span><i><span style=\"font-weight: 400;\">partner <\/span><\/i><span style=\"font-weight: 400;\">izateagatik, baita Kutxabank eta Petronorri ere, <\/span><i><span style=\"font-weight: 400;\">partner <\/span><\/i><span style=\"font-weight: 400;\">ofizialak izateagatik. Horien guztien inplikaziorik gabe, Azkena Rock Festival jaialdiaren edizio honetan ezin izango genituzkeen helburuak bete, garapenari eta hazkundeari dagokienez.<\/span><\/p>\t\t\t\t\t\t\t\t<\/div>\n\t\t\t\t<\/div>\n\t\t\t\t<div class=\"elementor-element elementor-element-31b2130 elementor-widget elementor-widget-spacer\" data-id=\"31b2130\" data-element_type=\"widget\" data-e-type=\"widget\" data-widget_type=\"spacer.default\">\n\t\t\t\t<div class=\"elementor-widget-container\">\n\t\t\t\t\t\t\t<div class=\"elementor-spacer\">\n\t\t\t<div class=\"elementor-spacer-inner\"><\/div>\n\t\t<\/div>\n\t\t\t\t\t\t<\/div>\n\t\t\t\t<\/div>\n\t\t\t\t<div class=\"elementor-element elementor-element-a6f220c elementor-widget elementor-widget-image\" data-id=\"a6f220c\" data-element_type=\"widget\" data-e-type=\"widget\" data-widget_type=\"image.default\">\n\t\t\t\t<div class=\"elementor-widget-container\">\n\t\t\t\t\t\t\t\t\t\t\t\t\t\t\t<img decoding=\"async\" width=\"800\" height=\"1000\" src=\"https:\/\/azkenarockfestival.com\/wp-content\/uploads\/2025\/06\/a8a484f0-7e51-a65f-9164-b6d479717e6d-819x1024.jpg\" class=\"attachment-large size-large wp-image-26926\" alt=\"Cartel completo del Azkena Rock Festival 2025\" srcset=\"https:\/\/azkenarockfestival.com\/wp-content\/uploads\/2025\/06\/a8a484f0-7e51-a65f-9164-b6d479717e6d-819x1024.jpg 819w, https:\/\/azkenarockfestival.com\/wp-content\/uploads\/2025\/06\/a8a484f0-7e51-a65f-9164-b6d479717e6d-240x300.jpg 240w, https:\/\/azkenarockfestival.com\/wp-content\/uploads\/2025\/06\/a8a484f0-7e51-a65f-9164-b6d479717e6d-768x960.jpg 768w, https:\/\/azkenarockfestival.com\/wp-content\/uploads\/2025\/06\/a8a484f0-7e51-a65f-9164-b6d479717e6d.jpg 1081w\" sizes=\"(max-width: 800px) 100vw, 800px\" \/>\t\t\t\t\t\t\t\t\t\t\t\t\t\t\t<\/div>\n\t\t\t\t<\/div>\n\t\t\t\t<div class=\"elementor-element elementor-element-7e1b7ed elementor-widget elementor-widget-spacer\" data-id=\"7e1b7ed\" data-element_type=\"widget\" data-e-type=\"widget\" data-widget_type=\"spacer.default\">\n\t\t\t\t<div class=\"elementor-widget-container\">\n\t\t\t\t\t\t\t<div class=\"elementor-spacer\">\n\t\t\t<div class=\"elementor-spacer-inner\"><\/div>\n\t\t<\/div>\n\t\t\t\t\t\t<\/div>\n\t\t\t\t<\/div>\n\t\t<div class=\"elementor-element elementor-element-e5d576b e-con-full e-flex e-con e-child\" data-id=\"e5d576b\" data-element_type=\"container\" data-e-type=\"container\">\n\t\t\t\t<div class=\"elementor-element elementor-element-d37e5bf elementor-widget elementor-widget-text-editor\" data-id=\"d37e5bf\" data-element_type=\"widget\" data-e-type=\"widget\" data-widget_type=\"text-editor.default\">\n\t\t\t\t<div class=\"elementor-widget-container\">\n\t\t\t\t\t\t\t\t\t<p><b>Azkena Rock Festival<\/b><\/p><p><b>2025eko ekainak 19, 20 eta 21<\/b><\/p><p><b>Mendizabala, Gasteiz<\/b><\/p><p><span style=\"font-weight: 400;\">\u00a0<\/span><\/p><p><b>Ekainak 19, osteguna<\/b><\/p><p><span style=\"font-weight: 400;\">18:00 Ateak ireki<\/span><\/p><p>\u00a0<\/p><p><span style=\"font-weight: 400;\">GOD<\/span><\/p><p><span style=\"font-weight: 400;\">19:10 BUZZCOCKS\u00a0<\/span><\/p><p><span style=\"font-weight: 400;\">21:10 MELISSA ETHERIDGE<\/span><\/p><p><span style=\"font-weight: 400;\">23:40 DINOSAUR JR. <\/span><i><span style=\"font-weight: 400;\">play \u2018Without A Sound\u2019<\/span><\/i><\/p><p>\u00a0<\/p><p><span style=\"font-weight: 400;\">RESPECT<\/span><\/p><p><span style=\"font-weight: 400;\">18:15 LIBE<\/span><\/p><p><span style=\"font-weight: 400;\">20:15 QUIQUE GONZ\u00c1LEZ<\/span><\/p><p><span style=\"font-weight: 400;\">22:25 THE DAMNED<\/span><\/p><p><span style=\"font-weight: 400;\">01:05 LEE ROCKER of the Stray Cats<\/span><\/p><p>\u00a0<\/p><p><span style=\"font-weight: 400;\">TRASHVILLE -Trash a go-go!<\/span><\/p><p><span style=\"font-weight: 400;\">19:15 MAMBO RAMBO\u00a0<\/span><\/p><p><span style=\"font-weight: 400;\">21:15 FL\u00c9AU<\/span><\/p><p><span style=\"font-weight: 400;\">22:30 GOGOPONIES<\/span><\/p><p><span style=\"font-weight: 400;\">0:30 WAU Y LOS ARRRGHS!!!<\/span><\/p><p><span style=\"font-weight: 400;\">2:00 EL CHICO<\/span><\/p><p><br \/><br \/><\/p><p><b>Ekainak 20, ostirala<\/b><\/p><p>\u00a0<\/p><p><span style=\"font-weight: 400;\">Andre Maria Zuriaren plaza<\/span><\/p><p><span style=\"font-weight: 400;\">13:30 LAURIE WRIGHT<\/span><\/p><p>\u00a0<\/p><p><span style=\"font-weight: 400;\">MENDIZABALA<\/span><\/p><p><span style=\"font-weight: 400;\">17:00 Ateak ireki<\/span><\/p><p>\u00a0<\/p><p><span style=\"font-weight: 400;\">GOD<\/span><\/p><p><span style=\"font-weight: 400;\">17:30 SARRIA<\/span><\/p><p><span style=\"font-weight: 400;\">19:20 RECKLESS KELLY<\/span><\/p><p><span style=\"font-weight: 400;\">21:40 LUCINDA WILLIAMS<\/span><\/p><p><span style=\"font-weight: 400;\">00:25 JOHN FOGERTY<\/span><\/p><p>\u00a0<\/p><p><span style=\"font-weight: 400;\">RESPECT<\/span><\/p><p><span style=\"font-weight: 400;\">18:25 LA ESTRELLA AZUL Live<\/span><\/p><p><span style=\"font-weight: 400;\">20:25 PUBLIC IMAGE LIMITED<\/span><\/p><p><span style=\"font-weight: 400;\">23:05 TURBONEGRO<\/span><\/p><p><span style=\"font-weight: 400;\">02:00 KAOTIKO\u00a0<\/span><\/p><p><br \/><br \/><\/p><p><span style=\"font-weight: 400;\">LA SALVE<\/span><\/p><p><span style=\"font-weight: 400;\">18:00 PSILICON FLESH<\/span><\/p><p><span style=\"font-weight: 400;\">19:20 BOBBIE DAZZLE<\/span><\/p><p><span style=\"font-weight: 400;\">20:50 C.O.F.F.I.N<\/span><\/p><p><span style=\"font-weight: 400;\">23:20 ROBERT JON &amp; THE WRECK<\/span><\/p><p><span style=\"font-weight: 400;\">01:55 DIAMOND DOGS &amp; CHRIS SPEDDING play Little Richard<\/span><\/p><p>\u00a0<\/p><p><span style=\"font-weight: 400;\">TRASHVILLE -Trash a go-go!<\/span><\/p><p><span style=\"font-weight: 400;\">18:30 LAS JENNYS DE ARROYOCULEBRO<\/span><\/p><p><span style=\"font-weight: 400;\">20:00 THEE SCARECROWS AKA<\/span><\/p><p><span style=\"font-weight: 400;\">22:30 ESCAPE-ISM<\/span><\/p><p><span style=\"font-weight: 400;\">01:00 LOS STRAITJACKETS<\/span><\/p><p><span style=\"font-weight: 400;\">02:30 ROCK NIGHTS<\/span><\/p><p><span style=\"font-weight: 400;\">04:30 MISS STRYCHNINE<\/span><\/p><p>\u00a0<\/p><p><span style=\"font-weight: 400;\">TRASHVILLE &#8211; Rat Hole<\/span><\/p><p><span style=\"font-weight: 400;\">17:30-20:30 TXIKI ARF<\/span><\/p><p><span style=\"font-weight: 400;\">02:00 BORJA NIHIL<\/span><\/p><p><span style=\"font-weight: 400;\">04:00 ALTA TENSI\u00d3N DJs<\/span><\/p><p><br \/><br \/><\/p><p><b>Ekainak 21, larunbata<\/b><\/p><p>\u00a0<\/p><p><span style=\"font-weight: 400;\">Andre Maria Zuriaren plaza<\/span><\/p><p><span style=\"font-weight: 400;\">13:30 KITTY, DAISY &amp; LEWIS<\/span><\/p><p>\u00a0<\/p><p><span style=\"font-weight: 400;\">MENDIZABALA<\/span><\/p><p><span style=\"font-weight: 400;\">17:00 Ateak ireki<\/span><\/p><p>\u00a0<\/p><p><span style=\"font-weight: 400;\">GOD<\/span><\/p><p><span style=\"font-weight: 400;\">17:30 EH, MERTXE!<\/span><\/p><p><span style=\"font-weight: 400;\">19:05 RICHARD HAWLEY<\/span><\/p><p><span style=\"font-weight: 400;\">21:30 THE FLAMING LIPS play \u2018Yoshimi Battles the Pink Robots\u2019<\/span><\/p><p><span style=\"font-weight: 400;\">00:20 MANIC STREET PREACHERS<\/span><\/p><p>\u00a0<\/p><p><span style=\"font-weight: 400;\">RESPECT<\/span><\/p><p><span style=\"font-weight: 400;\">18:15 THE PILL<\/span><\/p><p><span style=\"font-weight: 400;\">20:20 THE LEMON TWIGS<\/span><\/p><p><span style=\"font-weight: 400;\">22:55 MARGO PRICE<\/span><\/p><p><span style=\"font-weight: 400;\">01:55 THE HELLACOPTERS 30th Anniversary<\/span><\/p><p>\u00a0<\/p><p><span style=\"font-weight: 400;\">LA SALVE<\/span><\/p><p><span style=\"font-weight: 400;\">18:00 EZEZEZ<\/span><\/p><p><span style=\"font-weight: 400;\">19:20 CHERIE CURRIE plays The Runaways<\/span><\/p><p><span style=\"font-weight: 400;\">21:00 THE CHESTERFIELD KINGS<\/span><\/p><p><span style=\"font-weight: 400;\">23:20 DERBY MOTORETA\u2019S BURRITO CACHIMBA<\/span><\/p><p><span style=\"font-weight: 400;\">01:50 DEAD KENNEDYS<\/span><\/p><p>\u00a0<\/p><p><span style=\"font-weight: 400;\">TRASHVILLE -Trash a go-go!<\/span><\/p><p><span style=\"font-weight: 400;\">18:30 WALLAROOS<\/span><\/p><p><span style=\"font-weight: 400;\">20:00 THE SEX<\/span> <span style=\"font-weight: 400;\">ORGANS<\/span><\/p><p><span style=\"font-weight: 400;\">22:15 THE DEVILS<\/span><\/p><p><span style=\"font-weight: 400;\">00:50 THE NEANDERTHALS<\/span><\/p><p><span style=\"font-weight: 400;\">02:30 MALANDRA<\/span><\/p><p><span style=\"font-weight: 400;\">04:30 NAT SIMONS JUKEBOX<\/span><\/p><p>\u00a0<\/p><p><span style=\"font-weight: 400;\">TRASHVILLE &#8211; Rat Hole<\/span><\/p><p><span style=\"font-weight: 400;\">17:30-20:30 TXIKI ARF<\/span><\/p><p><span style=\"font-weight: 400;\">02:00 DJ BONE<\/span><\/p><p><span style=\"font-weight: 400;\">04:00 BILBA GROTBILL<\/span><\/p>\t\t\t\t\t\t\t\t<\/div>\n\t\t\t\t<\/div>\n\t\t\t\t<\/div>\n\t\t\t\t<div class=\"elementor-element elementor-element-5e11f50 elementor-widget elementor-widget-spacer\" data-id=\"5e11f50\" data-element_type=\"widget\" data-e-type=\"widget\" data-widget_type=\"spacer.default\">\n\t\t\t\t<div class=\"elementor-widget-container\">\n\t\t\t\t\t\t\t<div class=\"elementor-spacer\">\n\t\t\t<div class=\"elementor-spacer-inner\"><\/div>\n\t\t<\/div>\n\t\t\t\t\t\t<\/div>\n\t\t\t\t<\/div>\n\t\t\t\t<div class=\"elementor-element elementor-element-996a600 elementor-widget elementor-widget-spacer\" data-id=\"996a600\" data-element_type=\"widget\" data-e-type=\"widget\" data-widget_type=\"spacer.default\">\n\t\t\t\t<div class=\"elementor-widget-container\">\n\t\t\t\t\t\t\t<div class=\"elementor-spacer\">\n\t\t\t<div class=\"elementor-spacer-inner\"><\/div>\n\t\t<\/div>\n\t\t\t\t\t\t<\/div>\n\t\t\t\t<\/div>\n\t\t\t\t\t<\/div>\n\t\t\t\t<\/div>\n\t\t\t\t<\/div>\n\t\t","protected":false},"excerpt":{"rendered":"<p>Ekainaren 19an, 20an eta 21ean Gasteizko Mendizabalan Azkena Rock Festival jaialdian dena prest dago 23. ediziorako, Gasteizko Mendizabalan, ekainaren 19an, 20an eta 21ean. Rock &amp; roll musikaren tenpluan lehen mailako artistak bilduko dira: John Fogerty mitikoa, data bakarrean Estatuan eta bere errepertorioko klasiko guztiekin, baita Creedence Clearwater Revival-ekoak ere; Manic Street Preachers, hauek ere kontzertu [&hellip;]<\/p>\n","protected":false},"author":1,"featured_media":26936,"comment_status":"closed","ping_status":"closed","sticky":false,"template":"","format":"standard","meta":{"footnotes":""},"categories":[55],"tags":[],"class_list":["post-26938","post","type-post","status-publish","format-standard","has-post-thumbnail","hentry","category-sin-categorizar"],"yoast_head":"<!-- This site is optimized with the Yoast SEO plugin v26.9 - https:\/\/yoast.com\/product\/yoast-seo-wordpress\/ -->\n<title>Azkena Rock Festival jaialdian dena prest 23. ediziorako- ARF<\/title>\n<meta name=\"description\" content=\"Azkena Rock Festival jaialdian dena prest, John Fogerty, Manic Street Preachers, The Flaming Lips eta beste artista handi ugarirekin\" \/>\n<meta name=\"robots\" content=\"index, follow, max-snippet:-1, max-image-preview:large, max-video-preview:-1\" \/>\n<link rel=\"canonical\" href=\"https:\/\/azkenarockfestival.com\/eu\/azkena-rock-festival-tiene-ya-todo-listo-para-celebrar-su-23-edicion\/\" \/>\n<meta property=\"og:locale\" content=\"eu_ES\" \/>\n<meta property=\"og:type\" content=\"article\" \/>\n<meta property=\"og:title\" content=\"Azkena Rock Festival jaialdian dena prest 23. ediziorako- ARF\" \/>\n<meta property=\"og:description\" content=\"Azkena Rock Festival jaialdian dena prest, John Fogerty, Manic Street Preachers, The Flaming Lips eta beste artista handi ugarirekin\" \/>\n<meta property=\"og:url\" content=\"https:\/\/azkenarockfestival.com\/eu\/azkena-rock-festival-tiene-ya-todo-listo-para-celebrar-su-23-edicion\/\" \/>\n<meta property=\"og:site_name\" content=\"ARF\" \/>\n<meta property=\"article:publisher\" content=\"https:\/\/www.facebook.com\/azkenarockfestival\/\" \/>\n<meta property=\"article:published_time\" content=\"2025-06-17T09:28:33+00:00\" \/>\n<meta property=\"article:modified_time\" content=\"2025-06-17T09:29:20+00:00\" \/>\n<meta property=\"og:image\" content=\"https:\/\/azkenarockfestival.com\/wp-content\/uploads\/2025\/06\/ARF_Peio-Zama-358-1.jpg\" \/>\n\t<meta property=\"og:image:width\" content=\"1920\" \/>\n\t<meta property=\"og:image:height\" content=\"1049\" \/>\n\t<meta property=\"og:image:type\" content=\"image\/jpeg\" \/>\n<meta name=\"author\" content=\"admin\" \/>\n<meta name=\"twitter:card\" content=\"summary_large_image\" \/>\n<meta name=\"twitter:creator\" content=\"@AzkenaRockFest\" \/>\n<meta name=\"twitter:site\" content=\"@AzkenaRockFest\" \/>\n<meta name=\"twitter:label1\" content=\"Written by\" \/>\n\t<meta name=\"twitter:data1\" content=\"admin\" \/>\n\t<meta name=\"twitter:label2\" content=\"Est. reading time\" \/>\n\t<meta name=\"twitter:data2\" content=\"7 minutes\" \/>\n<script type=\"application\/ld+json\" class=\"yoast-schema-graph\">{\"@context\":\"https:\/\/schema.org\",\"@graph\":[{\"@type\":\"Article\",\"@id\":\"https:\/\/azkenarockfestival.com\/eu\/azkena-rock-festival-tiene-ya-todo-listo-para-celebrar-su-23-edicion\/#article\",\"isPartOf\":{\"@id\":\"https:\/\/azkenarockfestival.com\/eu\/azkena-rock-festival-tiene-ya-todo-listo-para-celebrar-su-23-edicion\/\"},\"author\":{\"name\":\"admin\",\"@id\":\"https:\/\/azkenarockfestival.com\/eu\/#\/schema\/person\/f81c390307456b5267a8d35d6c59e6e0\"},\"headline\":\"Azkena Rock Festival jaialdian dena prest 23. ediziorako, John Fogerty, Manic Street Preachers, The Flaming Lips eta beste artista handi ugarirekin\",\"datePublished\":\"2025-06-17T09:28:33+00:00\",\"dateModified\":\"2025-06-17T09:29:20+00:00\",\"mainEntityOfPage\":{\"@id\":\"https:\/\/azkenarockfestival.com\/eu\/azkena-rock-festival-tiene-ya-todo-listo-para-celebrar-su-23-edicion\/\"},\"wordCount\":1219,\"publisher\":{\"@id\":\"https:\/\/azkenarockfestival.com\/eu\/#organization\"},\"image\":{\"@id\":\"https:\/\/azkenarockfestival.com\/eu\/azkena-rock-festival-tiene-ya-todo-listo-para-celebrar-su-23-edicion\/#primaryimage\"},\"thumbnailUrl\":\"https:\/\/azkenarockfestival.com\/wp-content\/uploads\/2025\/06\/ARF_Peio-Zama-358-1-e1755524026405.jpg\",\"articleSection\":[\"Sin categorizar\"],\"inLanguage\":\"eu-ES\"},{\"@type\":\"WebPage\",\"@id\":\"https:\/\/azkenarockfestival.com\/eu\/azkena-rock-festival-tiene-ya-todo-listo-para-celebrar-su-23-edicion\/\",\"url\":\"https:\/\/azkenarockfestival.com\/eu\/azkena-rock-festival-tiene-ya-todo-listo-para-celebrar-su-23-edicion\/\",\"name\":\"Azkena Rock Festival jaialdian dena prest 23. ediziorako- ARF\",\"isPartOf\":{\"@id\":\"https:\/\/azkenarockfestival.com\/eu\/#website\"},\"primaryImageOfPage\":{\"@id\":\"https:\/\/azkenarockfestival.com\/eu\/azkena-rock-festival-tiene-ya-todo-listo-para-celebrar-su-23-edicion\/#primaryimage\"},\"image\":{\"@id\":\"https:\/\/azkenarockfestival.com\/eu\/azkena-rock-festival-tiene-ya-todo-listo-para-celebrar-su-23-edicion\/#primaryimage\"},\"thumbnailUrl\":\"https:\/\/azkenarockfestival.com\/wp-content\/uploads\/2025\/06\/ARF_Peio-Zama-358-1-e1755524026405.jpg\",\"datePublished\":\"2025-06-17T09:28:33+00:00\",\"dateModified\":\"2025-06-17T09:29:20+00:00\",\"description\":\"Azkena Rock Festival jaialdian dena prest, John Fogerty, Manic Street Preachers, The Flaming Lips eta beste artista handi ugarirekin\",\"breadcrumb\":{\"@id\":\"https:\/\/azkenarockfestival.com\/eu\/azkena-rock-festival-tiene-ya-todo-listo-para-celebrar-su-23-edicion\/#breadcrumb\"},\"inLanguage\":\"eu-ES\",\"potentialAction\":[{\"@type\":\"ReadAction\",\"target\":[\"https:\/\/azkenarockfestival.com\/eu\/azkena-rock-festival-tiene-ya-todo-listo-para-celebrar-su-23-edicion\/\"]}]},{\"@type\":\"ImageObject\",\"inLanguage\":\"eu-ES\",\"@id\":\"https:\/\/azkenarockfestival.com\/eu\/azkena-rock-festival-tiene-ya-todo-listo-para-celebrar-su-23-edicion\/#primaryimage\",\"url\":\"https:\/\/azkenarockfestival.com\/wp-content\/uploads\/2025\/06\/ARF_Peio-Zama-358-1-e1755524026405.jpg\",\"contentUrl\":\"https:\/\/azkenarockfestival.com\/wp-content\/uploads\/2025\/06\/ARF_Peio-Zama-358-1-e1755524026405.jpg\",\"width\":1920,\"height\":1049,\"caption\":\"Escenario principal del festival con pantallas gigantes y decoraciones de llamas, rodeado de una multitud disfrutando del concierto.\"},{\"@type\":\"BreadcrumbList\",\"@id\":\"https:\/\/azkenarockfestival.com\/eu\/azkena-rock-festival-tiene-ya-todo-listo-para-celebrar-su-23-edicion\/#breadcrumb\",\"itemListElement\":[{\"@type\":\"ListItem\",\"position\":1,\"name\":\"Portada\",\"item\":\"https:\/\/azkenarockfestival.com\/eu\/\"},{\"@type\":\"ListItem\",\"position\":2,\"name\":\"Azkena Rock Festival jaialdian dena prest 23. ediziorako, John Fogerty, Manic Street Preachers, The Flaming Lips eta beste artista handi ugarirekin\"}]},{\"@type\":\"WebSite\",\"@id\":\"https:\/\/azkenarockfestival.com\/eu\/#website\",\"url\":\"https:\/\/azkenarockfestival.com\/eu\/\",\"name\":\"ARF\",\"description\":\"Azkena Rock Festival\",\"publisher\":{\"@id\":\"https:\/\/azkenarockfestival.com\/eu\/#organization\"},\"potentialAction\":[{\"@type\":\"SearchAction\",\"target\":{\"@type\":\"EntryPoint\",\"urlTemplate\":\"https:\/\/azkenarockfestival.com\/eu\/?s={search_term_string}\"},\"query-input\":{\"@type\":\"PropertyValueSpecification\",\"valueRequired\":true,\"valueName\":\"search_term_string\"}}],\"inLanguage\":\"eu-ES\"},{\"@type\":\"Organization\",\"@id\":\"https:\/\/azkenarockfestival.com\/eu\/#organization\",\"name\":\"ARF\",\"url\":\"https:\/\/azkenarockfestival.com\/eu\/\",\"logo\":{\"@type\":\"ImageObject\",\"inLanguage\":\"eu-ES\",\"@id\":\"https:\/\/azkenarockfestival.com\/eu\/#\/schema\/logo\/image\/\",\"url\":\"https:\/\/azkenarockfestival.com\/wp-content\/uploads\/2024\/10\/ARF25_COM_LOGO_NEGRO_HOME.webp\",\"contentUrl\":\"https:\/\/azkenarockfestival.com\/wp-content\/uploads\/2024\/10\/ARF25_COM_LOGO_NEGRO_HOME.webp\",\"width\":400,\"height\":360,\"caption\":\"ARF\"},\"image\":{\"@id\":\"https:\/\/azkenarockfestival.com\/eu\/#\/schema\/logo\/image\/\"},\"sameAs\":[\"https:\/\/www.facebook.com\/azkenarockfestival\/\",\"https:\/\/x.com\/AzkenaRockFest\",\"https:\/\/www.instagram.com\/azkenarockfest\/?hl=es\",\"https:\/\/www.youtube.com\/channel\/UCm4jGFq7nqZf8TtdiMbO33A\",\"https:\/\/www.linkedin.com\/showcase\/azkena-rock-festival\/?originalSubdomain=es\"]},{\"@type\":\"Person\",\"@id\":\"https:\/\/azkenarockfestival.com\/eu\/#\/schema\/person\/f81c390307456b5267a8d35d6c59e6e0\",\"name\":\"admin\",\"image\":{\"@type\":\"ImageObject\",\"inLanguage\":\"eu-ES\",\"@id\":\"https:\/\/azkenarockfestival.com\/eu\/#\/schema\/person\/image\/\",\"url\":\"https:\/\/secure.gravatar.com\/avatar\/7425eec8b1a9d0f9249b264978313e60a834cdd330039cf86d9dc30b5d18dafb?s=96&d=mm&r=g\",\"contentUrl\":\"https:\/\/secure.gravatar.com\/avatar\/7425eec8b1a9d0f9249b264978313e60a834cdd330039cf86d9dc30b5d18dafb?s=96&d=mm&r=g\",\"caption\":\"admin\"},\"sameAs\":[\"https:\/\/azkenarockfestival.com\/\"],\"url\":\"https:\/\/azkenarockfestival.com\/eu\/author\/admin_rock\/\"}]}<\/script>\n<!-- \/ Yoast SEO plugin. -->","yoast_head_json":{"title":"Azkena Rock Festival jaialdian dena prest 23. ediziorako- ARF","description":"Azkena Rock Festival jaialdian dena prest, John Fogerty, Manic Street Preachers, The Flaming Lips eta beste artista handi ugarirekin","robots":{"index":"index","follow":"follow","max-snippet":"max-snippet:-1","max-image-preview":"max-image-preview:large","max-video-preview":"max-video-preview:-1"},"canonical":"https:\/\/azkenarockfestival.com\/eu\/azkena-rock-festival-tiene-ya-todo-listo-para-celebrar-su-23-edicion\/","og_locale":"eu_ES","og_type":"article","og_title":"Azkena Rock Festival jaialdian dena prest 23. ediziorako- ARF","og_description":"Azkena Rock Festival jaialdian dena prest, John Fogerty, Manic Street Preachers, The Flaming Lips eta beste artista handi ugarirekin","og_url":"https:\/\/azkenarockfestival.com\/eu\/azkena-rock-festival-tiene-ya-todo-listo-para-celebrar-su-23-edicion\/","og_site_name":"ARF","article_publisher":"https:\/\/www.facebook.com\/azkenarockfestival\/","article_published_time":"2025-06-17T09:28:33+00:00","article_modified_time":"2025-06-17T09:29:20+00:00","og_image":[{"width":1920,"height":1049,"url":"https:\/\/azkenarockfestival.com\/wp-content\/uploads\/2025\/06\/ARF_Peio-Zama-358-1.jpg","type":"image\/jpeg"}],"author":"admin","twitter_card":"summary_large_image","twitter_creator":"@AzkenaRockFest","twitter_site":"@AzkenaRockFest","twitter_misc":{"Written by":"admin","Est. reading time":"7 minutes"},"schema":{"@context":"https:\/\/schema.org","@graph":[{"@type":"Article","@id":"https:\/\/azkenarockfestival.com\/eu\/azkena-rock-festival-tiene-ya-todo-listo-para-celebrar-su-23-edicion\/#article","isPartOf":{"@id":"https:\/\/azkenarockfestival.com\/eu\/azkena-rock-festival-tiene-ya-todo-listo-para-celebrar-su-23-edicion\/"},"author":{"name":"admin","@id":"https:\/\/azkenarockfestival.com\/eu\/#\/schema\/person\/f81c390307456b5267a8d35d6c59e6e0"},"headline":"Azkena Rock Festival jaialdian dena prest 23. ediziorako, John Fogerty, Manic Street Preachers, The Flaming Lips eta beste artista handi ugarirekin","datePublished":"2025-06-17T09:28:33+00:00","dateModified":"2025-06-17T09:29:20+00:00","mainEntityOfPage":{"@id":"https:\/\/azkenarockfestival.com\/eu\/azkena-rock-festival-tiene-ya-todo-listo-para-celebrar-su-23-edicion\/"},"wordCount":1219,"publisher":{"@id":"https:\/\/azkenarockfestival.com\/eu\/#organization"},"image":{"@id":"https:\/\/azkenarockfestival.com\/eu\/azkena-rock-festival-tiene-ya-todo-listo-para-celebrar-su-23-edicion\/#primaryimage"},"thumbnailUrl":"https:\/\/azkenarockfestival.com\/wp-content\/uploads\/2025\/06\/ARF_Peio-Zama-358-1-e1755524026405.jpg","articleSection":["Sin categorizar"],"inLanguage":"eu-ES"},{"@type":"WebPage","@id":"https:\/\/azkenarockfestival.com\/eu\/azkena-rock-festival-tiene-ya-todo-listo-para-celebrar-su-23-edicion\/","url":"https:\/\/azkenarockfestival.com\/eu\/azkena-rock-festival-tiene-ya-todo-listo-para-celebrar-su-23-edicion\/","name":"Azkena Rock Festival jaialdian dena prest 23. ediziorako- ARF","isPartOf":{"@id":"https:\/\/azkenarockfestival.com\/eu\/#website"},"primaryImageOfPage":{"@id":"https:\/\/azkenarockfestival.com\/eu\/azkena-rock-festival-tiene-ya-todo-listo-para-celebrar-su-23-edicion\/#primaryimage"},"image":{"@id":"https:\/\/azkenarockfestival.com\/eu\/azkena-rock-festival-tiene-ya-todo-listo-para-celebrar-su-23-edicion\/#primaryimage"},"thumbnailUrl":"https:\/\/azkenarockfestival.com\/wp-content\/uploads\/2025\/06\/ARF_Peio-Zama-358-1-e1755524026405.jpg","datePublished":"2025-06-17T09:28:33+00:00","dateModified":"2025-06-17T09:29:20+00:00","description":"Azkena Rock Festival jaialdian dena prest, John Fogerty, Manic Street Preachers, The Flaming Lips eta beste artista handi ugarirekin","breadcrumb":{"@id":"https:\/\/azkenarockfestival.com\/eu\/azkena-rock-festival-tiene-ya-todo-listo-para-celebrar-su-23-edicion\/#breadcrumb"},"inLanguage":"eu-ES","potentialAction":[{"@type":"ReadAction","target":["https:\/\/azkenarockfestival.com\/eu\/azkena-rock-festival-tiene-ya-todo-listo-para-celebrar-su-23-edicion\/"]}]},{"@type":"ImageObject","inLanguage":"eu-ES","@id":"https:\/\/azkenarockfestival.com\/eu\/azkena-rock-festival-tiene-ya-todo-listo-para-celebrar-su-23-edicion\/#primaryimage","url":"https:\/\/azkenarockfestival.com\/wp-content\/uploads\/2025\/06\/ARF_Peio-Zama-358-1-e1755524026405.jpg","contentUrl":"https:\/\/azkenarockfestival.com\/wp-content\/uploads\/2025\/06\/ARF_Peio-Zama-358-1-e1755524026405.jpg","width":1920,"height":1049,"caption":"Escenario principal del festival con pantallas gigantes y decoraciones de llamas, rodeado de una multitud disfrutando del concierto."},{"@type":"BreadcrumbList","@id":"https:\/\/azkenarockfestival.com\/eu\/azkena-rock-festival-tiene-ya-todo-listo-para-celebrar-su-23-edicion\/#breadcrumb","itemListElement":[{"@type":"ListItem","position":1,"name":"Portada","item":"https:\/\/azkenarockfestival.com\/eu\/"},{"@type":"ListItem","position":2,"name":"Azkena Rock Festival jaialdian dena prest 23. ediziorako, John Fogerty, Manic Street Preachers, The Flaming Lips eta beste artista handi ugarirekin"}]},{"@type":"WebSite","@id":"https:\/\/azkenarockfestival.com\/eu\/#website","url":"https:\/\/azkenarockfestival.com\/eu\/","name":"ARF","description":"Azkena Rock Festival","publisher":{"@id":"https:\/\/azkenarockfestival.com\/eu\/#organization"},"potentialAction":[{"@type":"SearchAction","target":{"@type":"EntryPoint","urlTemplate":"https:\/\/azkenarockfestival.com\/eu\/?s={search_term_string}"},"query-input":{"@type":"PropertyValueSpecification","valueRequired":true,"valueName":"search_term_string"}}],"inLanguage":"eu-ES"},{"@type":"Organization","@id":"https:\/\/azkenarockfestival.com\/eu\/#organization","name":"ARF","url":"https:\/\/azkenarockfestival.com\/eu\/","logo":{"@type":"ImageObject","inLanguage":"eu-ES","@id":"https:\/\/azkenarockfestival.com\/eu\/#\/schema\/logo\/image\/","url":"https:\/\/azkenarockfestival.com\/wp-content\/uploads\/2024\/10\/ARF25_COM_LOGO_NEGRO_HOME.webp","contentUrl":"https:\/\/azkenarockfestival.com\/wp-content\/uploads\/2024\/10\/ARF25_COM_LOGO_NEGRO_HOME.webp","width":400,"height":360,"caption":"ARF"},"image":{"@id":"https:\/\/azkenarockfestival.com\/eu\/#\/schema\/logo\/image\/"},"sameAs":["https:\/\/www.facebook.com\/azkenarockfestival\/","https:\/\/x.com\/AzkenaRockFest","https:\/\/www.instagram.com\/azkenarockfest\/?hl=es","https:\/\/www.youtube.com\/channel\/UCm4jGFq7nqZf8TtdiMbO33A","https:\/\/www.linkedin.com\/showcase\/azkena-rock-festival\/?originalSubdomain=es"]},{"@type":"Person","@id":"https:\/\/azkenarockfestival.com\/eu\/#\/schema\/person\/f81c390307456b5267a8d35d6c59e6e0","name":"admin","image":{"@type":"ImageObject","inLanguage":"eu-ES","@id":"https:\/\/azkenarockfestival.com\/eu\/#\/schema\/person\/image\/","url":"https:\/\/secure.gravatar.com\/avatar\/7425eec8b1a9d0f9249b264978313e60a834cdd330039cf86d9dc30b5d18dafb?s=96&d=mm&r=g","contentUrl":"https:\/\/secure.gravatar.com\/avatar\/7425eec8b1a9d0f9249b264978313e60a834cdd330039cf86d9dc30b5d18dafb?s=96&d=mm&r=g","caption":"admin"},"sameAs":["https:\/\/azkenarockfestival.com\/"],"url":"https:\/\/azkenarockfestival.com\/eu\/author\/admin_rock\/"}]}},"_links":{"self":[{"href":"https:\/\/azkenarockfestival.com\/eu\/wp-json\/wp\/v2\/posts\/26938","targetHints":{"allow":["GET"]}}],"collection":[{"href":"https:\/\/azkenarockfestival.com\/eu\/wp-json\/wp\/v2\/posts"}],"about":[{"href":"https:\/\/azkenarockfestival.com\/eu\/wp-json\/wp\/v2\/types\/post"}],"author":[{"embeddable":true,"href":"https:\/\/azkenarockfestival.com\/eu\/wp-json\/wp\/v2\/users\/1"}],"replies":[{"embeddable":true,"href":"https:\/\/azkenarockfestival.com\/eu\/wp-json\/wp\/v2\/comments?post=26938"}],"version-history":[{"count":6,"href":"https:\/\/azkenarockfestival.com\/eu\/wp-json\/wp\/v2\/posts\/26938\/revisions"}],"predecessor-version":[{"id":26944,"href":"https:\/\/azkenarockfestival.com\/eu\/wp-json\/wp\/v2\/posts\/26938\/revisions\/26944"}],"wp:featuredmedia":[{"embeddable":true,"href":"https:\/\/azkenarockfestival.com\/eu\/wp-json\/wp\/v2\/media\/26936"}],"wp:attachment":[{"href":"https:\/\/azkenarockfestival.com\/eu\/wp-json\/wp\/v2\/media?parent=26938"}],"wp:term":[{"taxonomy":"category","embeddable":true,"href":"https:\/\/azkenarockfestival.com\/eu\/wp-json\/wp\/v2\/categories?post=26938"},{"taxonomy":"post_tag","embeddable":true,"href":"https:\/\/azkenarockfestival.com\/eu\/wp-json\/wp\/v2\/tags?post=26938"}],"curies":[{"name":"wp","href":"https:\/\/api.w.org\/{rel}","templated":true}]}}